{"id":15240,"date":"2026-01-08T10:25:10","date_gmt":"2026-01-08T13:25:10","guid":{"rendered":"https:\/\/espacioviajes.com\/?p=15240"},"modified":"2026-01-08T14:07:49","modified_gmt":"2026-01-08T17:07:49","slug":"teodelina-reinauguro-el-balneario-el-eden-con-la-pileta-mas-grande-de-latinoamerica","status":"publish","type":"post","link":"https:\/\/espacioviajes.com\/?p=15240","title":{"rendered":"Teodelina, Santa Fe reinaugur\u00f3 el Balneario El Ed\u00e9n con la pileta m\u00e1s grande de latinoam\u00e9rica"},"content":{"rendered":"<p><em>La Municipalidad de Teodelina reinaugur\u00f3 oficialmente el Balneario El Ed\u00e9n, uno de los espacios recreativos m\u00e1s emblem\u00e1ticos de la<\/em><br \/>\n<em>ciudad, luego de una ambiciosa obra de restauraci\u00f3n integral que resignifica un patrimonio hist\u00f3rico y tur\u00edstico de la regi\u00f3n.<\/em><\/p>\n<p>Inaugurado originalmente en 1958, el balneario recibi\u00f3 a lo largo de los a\u00f1os tareas de mantenimiento y mejoras superficiales. Sin embargo, esta es la primera vez en su historia que se lleva adelante una intervenci\u00f3n estructural de gran escala, que no solo recupera el natatorio, sino que moderniza y ampl\u00eda su propuesta.<\/p>\n<p>El Balneario El Ed\u00e9n es reconocido como la pileta municipal m\u00e1s grande de Latinoam\u00e9rica, con 180 metros de largo y 80 metros de ancho. Se trata de un natatorio de agua salada, extra\u00edda de las napas del R\u00edo Salado, ubicado en un predio privilegiado, adyacente a la laguna El Cha\u00f1ar, el principal espejo de agua de la ciudad de Teodelina.<\/p>\n<p>La reinauguraci\u00f3n se dio en un a\u00f1o clave para la localidad. Durante el 2025, no s\u00f3lo Teodelina fue declarada ciudad, sino que tambi\u00e9n celebr\u00f3 150 a\u00f1os de su fundaci\u00f3n.<br \/>\nLa obra, financiada por el Gobierno de la Provincia de Santa Fe, se puso en marcha en julio y el 4 de enero abri\u00f3 sus puertas nuevamente con una postal radicalmente diferente a la que la localidad acostumbraba.<\/p>\n<p>La obra consisti\u00f3 en:<br \/>\n\u25cf Restauraci\u00f3n integral del fondo del natatorio<br \/>\n\u25cf Reestructuraci\u00f3n del per\u00edmetro de la pileta<br \/>\n\u25cf Incorporaci\u00f3n de nuevas playas h\u00famedas para ni\u00f1os<br \/>\n\u25cf Instalaci\u00f3n de toboganes acu\u00e1ticos para todo p\u00fablico<\/p>\n<p>Adem\u00e1s, el balneario cuenta con camping, parrilleros, canchas deportivas, escenario, duchas, dormis, puestos materos y foodtrucks, consolid\u00e1ndose como un espacio de encuentro recreativo, social y tur\u00edstico para toda la regi\u00f3n.<\/p>\n<p><img fetchpriority=\"high\" decoding=\"async\" class=\"alignnone size-medium wp-image-15243\" src=\"https:\/\/espacioviajes.com\/wp-content\/uploads\/2026\/01\/pileta-2-300x183.jpeg\" alt=\"\" width=\"300\" height=\"183\" srcset=\"https:\/\/espacioviajes.com\/wp-content\/uploads\/2026\/01\/pileta-2-300x183.jpeg 300w, https:\/\/espacioviajes.com\/wp-content\/uploads\/2026\/01\/pileta-2-560x341.jpeg 560w, https:\/\/espacioviajes.com\/wp-content\/uploads\/2026\/01\/pileta-2.jpeg 600w\" sizes=\"(max-width: 300px) 100vw, 300px\" \/><\/p>\n<p>La obra se realiz\u00f3 de manera articulada entre la Municipalidad de Teodelina y las empresas Fluence (Venado Tuerto), Corral\u00f3n Teodelina, GreenJuegos, y junto al personal del Balneario El Ed\u00e9n, que particip\u00f3 activamente en el proceso de puesta en valor.<\/p>\n<p>El acto inaugural se llev\u00f3 a cabo el 4 de enero a las 11 de la ma\u00f1ana, con la presencia de autoridades municipales, instituciones locales y referentes provinciales.<\/p>\n<p>Durante el acto, el intendente de Teodelina, Joaqu\u00edn Poleri, tom\u00f3 la palabra y agradeci\u00f3 al Gobierno Provincial por acompa\u00f1ar a Teodelina en cada etapa y no soltarle la mano a la localidad, destacando el impacto de la obra en el desarrollo tur\u00edstico, social y deportivo de la ciudad.<br \/>\nEl intendente tambi\u00e9n realiz\u00f3 una entrega de reconocimientos a los actores que hicieron posible la obra de restauraci\u00f3n, as\u00ed como a dos integrantes de la comisi\u00f3n que impuls\u00f3 la construcci\u00f3n original del balneario, poniendo en valor la historia y el esfuerzo colectivo detr\u00e1s de El Ed\u00e9n.<br \/>\nEl acto culmin\u00f3 con el corte de cinta junto a las autoridades provinciales y zonales y un show de acrobacias a\u00e9reas, que marc\u00f3 simb\u00f3licamente el inicio de una nueva etapa para uno de los espacios m\u00e1s queridos por la comunidad<\/p>\n","protected":false},"excerpt":{"rendered":"<p>La Municipalidad de Teodelina reinaugur\u00f3 oficialmente el Balneario El Ed\u00e9n, uno de los espacios recreativos m\u00e1s emblem\u00e1ticos de la ciudad, luego de una ambiciosa obra de restauraci\u00f3n integral que resignifica un patrimonio hist\u00f3rico y tur\u00edstico de la regi\u00f3n. Inaugurado originalmente en 1958, el balneario recibi\u00f3 a lo largo de los a\u00f1os tareas de mantenimiento y [&hellip;]<\/p>\n","protected":false},"author":7,"featured_media":15242,"comment_status":"open","ping_status":"closed","sticky":false,"template":"","format":"standard","meta":{"footnotes":""},"categories":[4],"tags":[],"class_list":["post-15240","post","type-post","status-publish","format-standard","has-post-thumbnail","hentry","category-principal1"],"_links":{"self":[{"href":"https:\/\/espacioviajes.com\/index.php?rest_route=\/wp\/v2\/posts\/15240","targetHints":{"allow":["GET"]}}],"collection":[{"href":"https:\/\/espacioviajes.com\/index.php?rest_route=\/wp\/v2\/posts"}],"about":[{"href":"https:\/\/espacioviajes.com\/index.php?rest_route=\/wp\/v2\/types\/post"}],"author":[{"embeddable":true,"href":"https:\/\/espacioviajes.com\/index.php?rest_route=\/wp\/v2\/users\/7"}],"replies":[{"embeddable":true,"href":"https:\/\/espacioviajes.com\/index.php?rest_route=%2Fwp%2Fv2%2Fcomments&post=15240"}],"version-history":[{"count":2,"href":"https:\/\/espacioviajes.com\/index.php?rest_route=\/wp\/v2\/posts\/15240\/revisions"}],"predecessor-version":[{"id":15245,"href":"https:\/\/espacioviajes.com\/index.php?rest_route=\/wp\/v2\/posts\/15240\/revisions\/15245"}],"wp:featuredmedia":[{"embeddable":true,"href":"https:\/\/espacioviajes.com\/index.php?rest_route=\/wp\/v2\/media\/15242"}],"wp:attachment":[{"href":"https:\/\/espacioviajes.com\/index.php?rest_route=%2Fwp%2Fv2%2Fmedia&parent=15240"}],"wp:term":[{"taxonomy":"category","embeddable":true,"href":"https:\/\/espacioviajes.com\/index.php?rest_route=%2Fwp%2Fv2%2Fcategories&post=15240"},{"taxonomy":"post_tag","embeddable":true,"href":"https:\/\/espacioviajes.com\/index.php?rest_route=%2Fwp%2Fv2%2Ftags&post=15240"}],"curies":[{"name":"wp","href":"https:\/\/api.w.org\/{rel}","templated":true}]}}