{"id":16390,"date":"2026-08-30T20:34:59","date_gmt":"2026-08-30T23:34:59","guid":{"rendered":"https:\/\/espacioviajes.com\/?p=16390"},"modified":"2026-08-30T20:35:08","modified_gmt":"2026-08-30T23:35:08","slug":"exitoso-foro-de-municipios-turisticos-entre-parana-y-santa-fe-capital","status":"publish","type":"post","link":"https:\/\/espacioviajes.com\/?p=16390","title":{"rendered":"Exitoso Foro de Municipios Tur\u00edsticos entre Paran\u00e1 y Santa Fe capital"},"content":{"rendered":"<p><em><strong>Los d\u00edas\u00a0 27 y 28 de Agosto de 2026 se realiz\u00f3 en dos sedes: Paran\u00e1 (Entre R\u00edos) y Santa Fe (Santa Fe)\u00a0 y bajo el Lema: Dos ciudades, un destino un importante foro de municipios tur\u00edsticos que debatieron alcances y presentaron propuestas de cara al contexto actual de turismo\u00a0<\/strong><\/em><\/p>\n<p><strong>INTRODUCCI\u00d3N<\/strong><br \/>\nEl 32\u00b0 Encuentro de Municipios Tur\u00edsticos, realizado en las ciudades de Paran\u00e1 y Santa Fe los d\u00edas 27 y 28 de agosto de 2026 bajo el lema &#8220;Dos ciudades, un destino&#8221;, reuni\u00f3 a representantes de m\u00e1s de 15 provincias del pa\u00eds, autoridades gubernamentales nacionales, provinciales y municipales, actores del sector privado, referentes acad\u00e9micos y equipos t\u00e9cnicos de la comunidad tur\u00edstica nacional. El evento se desarroll\u00f3 bajo una innovadora modalidad de doble sede interprovincial, alternando sus actividades entre las ciudades de Paran\u00e1 (capital de la provincia de Entre R\u00edos) y Santa Fe (capital de la provincia de Santa Fe), dos destinos hermanados por el cauce del r\u00edo Paran\u00e1 y unidos por una obra ic\u00f3nica, el t\u00fanel subfluvial, con una cercan\u00eda de apenas 30 kil\u00f3metros. El evento se desarroll\u00f3 en un clima de di\u00e1logo federal, abierto y profundamente pr\u00e1ctico, permitiendo el intercambio directo de experiencias de gesti\u00f3n en el territorio, el diagn\u00f3stico de desaf\u00edos coyunturales comunes y la generaci\u00f3n de propuestas concretas para potenciar el turismo local. El acto de apertura institucional, celebrado en la Sala Mayo de Paran\u00e1, cont\u00f3 con la presencia de la Intendenta local, Rosario Romero; el Intendente de la Ciudad de Santa Fe, Juan Pablo Poletti; el Presidente del Ente Mixto de Turismo de Entre R\u00edos, Jorge Satto; la Secretaria de Turismo de Santa Fe, Marcela Aeberhard; el jefe de Gabinete de la Municipalidad de Paran\u00e1, Santiago Halle; el Subsecretario de Turismo de Paran\u00e1 y Presidente del EMPATUR, Agust\u00edn Clavenzani; el Subsecretario de Turismo de Santa Fe, Javier Dellamonica y el Presidente de la Red Federal de Turismo, Lic. Pablo Sgubini. Durante la apertura, se entreg\u00f3 un reconocimiento oficial a ambas municipalidades por la reactivaci\u00f3n del programa asociativo &#8220;Dos ciudades, un destino&#8221;.<\/p>\n<p><img fetchpriority=\"high\" decoding=\"async\" class=\"alignnone size-medium wp-image-16397\" src=\"https:\/\/espacioviajes.com\/wp-content\/uploads\/2026\/08\/WDP_1140-300x200.jpg\" alt=\"\" width=\"300\" height=\"200\" srcset=\"https:\/\/espacioviajes.com\/wp-content\/uploads\/2026\/08\/WDP_1140-300x200.jpg 300w, https:\/\/espacioviajes.com\/wp-content\/uploads\/2026\/08\/WDP_1140-1024x682.jpg 1024w, https:\/\/espacioviajes.com\/wp-content\/uploads\/2026\/08\/WDP_1140-768x512.jpg 768w, https:\/\/espacioviajes.com\/wp-content\/uploads\/2026\/08\/WDP_1140-1536x1023.jpg 1536w, https:\/\/espacioviajes.com\/wp-content\/uploads\/2026\/08\/WDP_1140-2048x1364.jpg 2048w, https:\/\/espacioviajes.com\/wp-content\/uploads\/2026\/08\/WDP_1140-560x373.jpg 560w\" sizes=\"(max-width: 300px) 100vw, 300px\" \/><\/p>\n<p><strong>PRINCIPALES CONCLUSIONES GENERALES<\/strong><br \/>\n\u2022<strong> Consolidaci\u00f3n del asociativismo interprovincial:<\/strong> Se destac\u00f3 la importancia de consolidar v\u00ednculos entre municipios vecinos y articular pol\u00edticas regionales que promuevan el crecimiento sostenible del turismo. Las ciudades de Paran\u00e1 y Santa Fe demostraron que la integraci\u00f3n de sus ofertas (hoteler\u00eda, gastronom\u00eda, eventos, cultura y naturaleza) fortalece la competitividad del destino compartido sin duplicar infraestructuras.<\/p>\n<p><img decoding=\"async\" class=\"alignnone size-medium wp-image-16396\" src=\"https:\/\/espacioviajes.com\/wp-content\/uploads\/2026\/08\/WDP_0790-1-300x200.jpg\" alt=\"\" width=\"300\" height=\"200\" srcset=\"https:\/\/espacioviajes.com\/wp-content\/uploads\/2026\/08\/WDP_0790-1-300x200.jpg 300w, https:\/\/espacioviajes.com\/wp-content\/uploads\/2026\/08\/WDP_0790-1-1024x682.jpg 1024w, https:\/\/espacioviajes.com\/wp-content\/uploads\/2026\/08\/WDP_0790-1-768x512.jpg 768w, https:\/\/espacioviajes.com\/wp-content\/uploads\/2026\/08\/WDP_0790-1-1536x1023.jpg 1536w, https:\/\/espacioviajes.com\/wp-content\/uploads\/2026\/08\/WDP_0790-1-2048x1364.jpg 2048w, https:\/\/espacioviajes.com\/wp-content\/uploads\/2026\/08\/WDP_0790-1-560x373.jpg 560w\" sizes=\"(max-width: 300px) 100vw, 300px\" \/><\/p>\n<p><strong>\u2022Reorientaci\u00f3n hacia el Turismo MICE y de Reuniones:<\/strong> Ante la contracci\u00f3n del turismo de ocio tradicional en fines de semana largos a nivel general, las ciudades coincidieron en la necesidad de fortalecer la captaci\u00f3n de congresos, convenciones, ferias y grandes eventos deportivos.<\/p>\n<p><strong>\u2022 Gobernanza federal y canalizaci\u00f3n de agendas locales<\/strong>: Se subray\u00f3 la necesidad de mantener canales fluidos entre los gobiernos locales y los organismos nacionales. La Red Federal de Turismo se consolida como un espacio horizontal que complementa la relaci\u00f3n formal Estado-Provincia, asegurando que las demandas del territorio tengan un seguimiento efectivo.<\/p>\n<p><strong>\u2022Sostenibilidad como cultura de gesti\u00f3n:<\/strong> Se coincidi\u00f3 en que la innovaci\u00f3n en la gesti\u00f3n tur\u00edstica, la eficiencia energ\u00e9tica y la certificaci\u00f3n ambiental no son conceptos te\u00f3ricos, sino herramientas operativas que reducen costos, profesionalizan a los equipos de trabajo y generan mayor confianza en el visitante.<\/p>\n<p><strong>\u2022 Participaci\u00f3n comunitaria<\/strong> Participaci\u00f3n comunitaria e inclusi\u00f3n joven: Se resalt\u00f3 el valor de incluir a la comunidad local y a las nuevas generaciones en los procesos de planificaci\u00f3n y desarrollo tur\u00edstico, promoviendo la empleabilidad joven, la identidad y el sentido de pertenencia en cada destino.<\/p>\n<p><img decoding=\"async\" class=\"alignnone size-medium wp-image-16400\" src=\"https:\/\/espacioviajes.com\/wp-content\/uploads\/2026\/08\/WDP_1110-300x200.jpg\" alt=\"\" width=\"300\" height=\"200\" srcset=\"https:\/\/espacioviajes.com\/wp-content\/uploads\/2026\/08\/WDP_1110-300x200.jpg 300w, https:\/\/espacioviajes.com\/wp-content\/uploads\/2026\/08\/WDP_1110-1024x682.jpg 1024w, https:\/\/espacioviajes.com\/wp-content\/uploads\/2026\/08\/WDP_1110-768x512.jpg 768w, https:\/\/espacioviajes.com\/wp-content\/uploads\/2026\/08\/WDP_1110-1536x1023.jpg 1536w, https:\/\/espacioviajes.com\/wp-content\/uploads\/2026\/08\/WDP_1110-2048x1364.jpg 2048w, https:\/\/espacioviajes.com\/wp-content\/uploads\/2026\/08\/WDP_1110-560x373.jpg 560w\" sizes=\"(max-width: 300px) 100vw, 300px\" \/><\/p>\n","protected":false},"excerpt":{"rendered":"<p>Los d\u00edas\u00a0 27 y 28 de Agosto de 2026 se realiz\u00f3 en dos sedes: Paran\u00e1 (Entre R\u00edos) y Santa Fe (Santa Fe)\u00a0 y bajo el Lema: Dos ciudades, un destino un importante foro de municipios tur\u00edsticos que debatieron alcances y presentaron propuestas de cara al contexto actual de turismo\u00a0 INTRODUCCI\u00d3N El 32\u00b0 Encuentro de Municipios [&hellip;]<\/p>\n","protected":false},"author":7,"featured_media":16398,"comment_status":"open","ping_status":"closed","sticky":false,"template":"","format":"standard","meta":{"footnotes":""},"categories":[3],"tags":[],"class_list":["post-16390","post","type-post","status-publish","format-standard","has-post-thumbnail","hentry","category-principal"],"_links":{"self":[{"href":"https:\/\/espacioviajes.com\/index.php?rest_route=\/wp\/v2\/posts\/16390","targetHints":{"allow":["GET"]}}],"collection":[{"href":"https:\/\/espacioviajes.com\/index.php?rest_route=\/wp\/v2\/posts"}],"about":[{"href":"https:\/\/espacioviajes.com\/index.php?rest_route=\/wp\/v2\/types\/post"}],"author":[{"embeddable":true,"href":"https:\/\/espacioviajes.com\/index.php?rest_route=\/wp\/v2\/users\/7"}],"replies":[{"embeddable":true,"href":"https:\/\/espacioviajes.com\/index.php?rest_route=%2Fwp%2Fv2%2Fcomments&post=16390"}],"version-history":[{"count":2,"href":"https:\/\/espacioviajes.com\/index.php?rest_route=\/wp\/v2\/posts\/16390\/revisions"}],"predecessor-version":[{"id":16401,"href":"https:\/\/espacioviajes.com\/index.php?rest_route=\/wp\/v2\/posts\/16390\/revisions\/16401"}],"wp:featuredmedia":[{"embeddable":true,"href":"https:\/\/espacioviajes.com\/index.php?rest_route=\/wp\/v2\/media\/16398"}],"wp:attachment":[{"href":"https:\/\/espacioviajes.com\/index.php?rest_route=%2Fwp%2Fv2%2Fmedia&parent=16390"}],"wp:term":[{"taxonomy":"category","embeddable":true,"href":"https:\/\/espacioviajes.com\/index.php?rest_route=%2Fwp%2Fv2%2Fcategories&post=16390"},{"taxonomy":"post_tag","embeddable":true,"href":"https:\/\/espacioviajes.com\/index.php?rest_route=%2Fwp%2Fv2%2Ftags&post=16390"}],"curies":[{"name":"wp","href":"https:\/\/api.w.org\/{rel}","templated":true}]}}