{"id":16407,"date":"2026-08-31T07:54:35","date_gmt":"2026-08-31T10:54:35","guid":{"rendered":"https:\/\/espacioviajes.com\/?p=16407"},"modified":"2026-08-31T07:55:15","modified_gmt":"2026-08-31T10:55:15","slug":"rumbo-a-los-sudamericanos-se-inauguro-la-villa-olimpica-y-la-capiplaza-en-la-zona-sur-de-rosario","status":"publish","type":"post","link":"https:\/\/espacioviajes.com\/?p=16407","title":{"rendered":"Rumbo a los Suramericanos: se inaugur\u00f3 la Villa Ol\u00edmpica y la CapiPlaza en la zona Sur de Rosario"},"content":{"rendered":"<p><em>El gobernador de la provincia de Santa Fe: Maximiliano Pullaro;\u00a0 encabez\u00f3 este domingo una recorrida para dejar habilitada la villa deportiva que recibir\u00e1 a los atletas que llegar\u00e1n a la ciudad por los Juegos Suramericanos 2026. Ubicada en el complejo del ex Batall\u00f3n 121, cuenta con 245 departamentos y capacidad para 1.485 camas. M\u00e1s de 30.000 personas participaron de una jornada en la que tambi\u00e9n quedaron habilitadas las obras de avenida Ayacucho y la nueva CapiPlaza.<\/em><\/p>\n<p>A menos de dos semanas de los XIII Juegos Suramericanos Santa Fe 2026, Rosario ya tiene lista la villa deportiva que alojar\u00e1 a los atletas durante la competencia. El gobernador Maximiliano Pullaro encabez\u00f3 este domingo la recorrida por el complejo construido en el predio del ex Batall\u00f3n 121, donde durante septiembre vivir\u00e1n deportistas y delegaciones de distintos pa\u00edses de Sudam\u00e9rica.<\/p>\n<p>La jornada tambi\u00e9n mostr\u00f3 la transformaci\u00f3n de todo ese sector de la ciudad. Adem\u00e1s de la Villa, quedaron habilitadas las obras de avenida Ayacucho y la CapiPlaza. M\u00e1s de 30.000 personas disfrutaron de las actividades abiertas a la comunidad y de los espect\u00e1culos de Circo Lumiere y Cumbi\u00f3n del R\u00edo.<\/p>\n<p>Pullaro destac\u00f3 la transformaci\u00f3n del sector y la recuperaci\u00f3n del espacio p\u00fablico: \u201cEstamos muy contentos de ver c\u00f3mo est\u00e1 cambiando toda esta zona, c\u00f3mo est\u00e1 cambiando la ciudad y las obras que est\u00e1n llegando, que hab\u00edamos prometido. Hoy tenemos un parque lleno de ni\u00f1as, ni\u00f1os, adolescentes y adultos que vienen a tomar unos mates y disfrutar de un hermoso domingo. Eso es lo que queremos para Rosario\u201d.<\/p>\n<p><img fetchpriority=\"high\" decoding=\"async\" class=\"alignnone size-medium wp-image-16410\" src=\"https:\/\/espacioviajes.com\/wp-content\/uploads\/2026\/08\/WhatsApp-Image-2026-08-30-at-19.21.28-300x200.jpeg\" alt=\"\" width=\"300\" height=\"200\" srcset=\"https:\/\/espacioviajes.com\/wp-content\/uploads\/2026\/08\/WhatsApp-Image-2026-08-30-at-19.21.28-300x200.jpeg 300w, https:\/\/espacioviajes.com\/wp-content\/uploads\/2026\/08\/WhatsApp-Image-2026-08-30-at-19.21.28-1024x683.jpeg 1024w, https:\/\/espacioviajes.com\/wp-content\/uploads\/2026\/08\/WhatsApp-Image-2026-08-30-at-19.21.28-768x512.jpeg 768w, https:\/\/espacioviajes.com\/wp-content\/uploads\/2026\/08\/WhatsApp-Image-2026-08-30-at-19.21.28-1536x1024.jpeg 1536w, https:\/\/espacioviajes.com\/wp-content\/uploads\/2026\/08\/WhatsApp-Image-2026-08-30-at-19.21.28-560x373.jpeg 560w, https:\/\/espacioviajes.com\/wp-content\/uploads\/2026\/08\/WhatsApp-Image-2026-08-30-at-19.21.28.jpeg 1600w\" sizes=\"(max-width: 300px) 100vw, 300px\" \/><\/p>\n<p><strong>La casa de los atletas<\/strong><\/p>\n<p>La Villa Suramericana tiene 245 departamentos distribuidos en cinco torres y capacidad para 1.485 camas. El complejo ocupa un predio de 34.500 metros cuadrados, con 21.342 metros cuadrados de superficie construida.<br \/>\nLas viviendas se distribuyen en 35 unidades de un dormitorio, 140 de dos y 60 de tres. Durante la competencia ser\u00e1n utilizadas por las delegaciones y, posteriormente, tendr\u00e1n continuidad como viviendas.<\/p>\n<p><strong>Un nuevo cap\u00edtulo para el sur rosarino<\/strong><\/p>\n<p>La Villa forma parte de una transformaci\u00f3n m\u00e1s amplia en el sur de la ciudad. En ese entorno se encuentran el Museo del Deporte Santafesino, el Parque H\u00e9roes de Malvinas y el nuevo Centro Acu\u00e1tico Provincial, pr\u00f3ximo a inaugurarse y que ser\u00e1 otro de los grandes escenarios de Santa Fe 2026.<br \/>\n\u201cEstamos hablando de un sector que estuvo abandonado durante muchos a\u00f1os. Hoy estamos viendo c\u00f3mo se recupera y c\u00f3mo la gente empieza a disfrutar estos espacios\u201d, afirm\u00f3 Angelini.<br \/>\nTambi\u00e9n qued\u00f3 habilitada la renovaci\u00f3n de avenida Ayacucho, entre bulevar Segu\u00ed y Lamadrid. Sobre unos 1.750 metros se reconstruy\u00f3 la calzada y se incorporaron nuevas veredas y rampas, alumbrado, sem\u00e1foros, se\u00f1alizaci\u00f3n y una ciclov\u00eda, adem\u00e1s de obras pluviales y cloacales.<\/p>\n<p><strong>M\u00e1s espacio p\u00fablico<\/strong><\/p>\n<p>La jornada incluy\u00f3 adem\u00e1s la inauguraci\u00f3n de la nueva CapiPlaza, con juegos y propuestas inspiradas en Capi, la mascota oficial de los Juegos, que suma un nuevo espacio p\u00fablico para el disfrute de los vecinos.<br \/>\nDel 12 al 26 de septiembre, Santa Fe, Rosario y Rafaela recibir\u00e1n a m\u00e1s de 4.000 atletas de 15 pa\u00edses, que competir\u00e1n en 43 deportes y 60 disciplinas. La Ceremonia de Apertura ser\u00e1 el s\u00e1bado 12, desde las 18, en el Parque Nacional a la Bandera.<br \/>\n\u201cSe est\u00e1 preparando algo impresionante. Queremos invitar a todos los rosarinos y santafesinos a que participen de la inauguraci\u00f3n y vivan este momento\u201d, anticip\u00f3 Angelini.<\/p>\n<p><img decoding=\"async\" class=\"alignnone size-medium wp-image-16409\" src=\"https:\/\/espacioviajes.com\/wp-content\/uploads\/2026\/08\/WhatsApp-Image-2026-08-30-at-19.21.29-300x188.jpeg\" alt=\"\" width=\"300\" height=\"188\" srcset=\"https:\/\/espacioviajes.com\/wp-content\/uploads\/2026\/08\/WhatsApp-Image-2026-08-30-at-19.21.29-300x188.jpeg 300w, https:\/\/espacioviajes.com\/wp-content\/uploads\/2026\/08\/WhatsApp-Image-2026-08-30-at-19.21.29-1024x640.jpeg 1024w, https:\/\/espacioviajes.com\/wp-content\/uploads\/2026\/08\/WhatsApp-Image-2026-08-30-at-19.21.29-768x480.jpeg 768w, https:\/\/espacioviajes.com\/wp-content\/uploads\/2026\/08\/WhatsApp-Image-2026-08-30-at-19.21.29-1536x960.jpeg 1536w, https:\/\/espacioviajes.com\/wp-content\/uploads\/2026\/08\/WhatsApp-Image-2026-08-30-at-19.21.29-560x350.jpeg 560w, https:\/\/espacioviajes.com\/wp-content\/uploads\/2026\/08\/WhatsApp-Image-2026-08-30-at-19.21.29.jpeg 1600w\" sizes=\"(max-width: 300px) 100vw, 300px\" \/><\/p>\n","protected":false},"excerpt":{"rendered":"<p>El gobernador de la provincia de Santa Fe: Maximiliano Pullaro;\u00a0 encabez\u00f3 este domingo una recorrida para dejar habilitada la villa deportiva que recibir\u00e1 a los atletas que llegar\u00e1n a la ciudad por los Juegos Suramericanos 2026. Ubicada en el complejo del ex Batall\u00f3n 121, cuenta con 245 departamentos y capacidad para 1.485 camas. M\u00e1s de [&hellip;]<\/p>\n","protected":false},"author":7,"featured_media":16412,"comment_status":"open","ping_status":"closed","sticky":false,"template":"","format":"standard","meta":{"footnotes":""},"categories":[4],"tags":[],"class_list":["post-16407","post","type-post","status-publish","format-standard","has-post-thumbnail","hentry","category-principal1"],"_links":{"self":[{"href":"https:\/\/espacioviajes.com\/index.php?rest_route=\/wp\/v2\/posts\/16407","targetHints":{"allow":["GET"]}}],"collection":[{"href":"https:\/\/espacioviajes.com\/index.php?rest_route=\/wp\/v2\/posts"}],"about":[{"href":"https:\/\/espacioviajes.com\/index.php?rest_route=\/wp\/v2\/types\/post"}],"author":[{"embeddable":true,"href":"https:\/\/espacioviajes.com\/index.php?rest_route=\/wp\/v2\/users\/7"}],"replies":[{"embeddable":true,"href":"https:\/\/espacioviajes.com\/index.php?rest_route=%2Fwp%2Fv2%2Fcomments&post=16407"}],"version-history":[{"count":2,"href":"https:\/\/espacioviajes.com\/index.php?rest_route=\/wp\/v2\/posts\/16407\/revisions"}],"predecessor-version":[{"id":16414,"href":"https:\/\/espacioviajes.com\/index.php?rest_route=\/wp\/v2\/posts\/16407\/revisions\/16414"}],"wp:featuredmedia":[{"embeddable":true,"href":"https:\/\/espacioviajes.com\/index.php?rest_route=\/wp\/v2\/media\/16412"}],"wp:attachment":[{"href":"https:\/\/espacioviajes.com\/index.php?rest_route=%2Fwp%2Fv2%2Fmedia&parent=16407"}],"wp:term":[{"taxonomy":"category","embeddable":true,"href":"https:\/\/espacioviajes.com\/index.php?rest_route=%2Fwp%2Fv2%2Fcategories&post=16407"},{"taxonomy":"post_tag","embeddable":true,"href":"https:\/\/espacioviajes.com\/index.php?rest_route=%2Fwp%2Fv2%2Ftags&post=16407"}],"curies":[{"name":"wp","href":"https:\/\/api.w.org\/{rel}","templated":true}]}}