{"id":16416,"date":"2026-09-01T07:51:41","date_gmt":"2026-09-01T10:51:41","guid":{"rendered":"https:\/\/espacioviajes.com\/?p=16416"},"modified":"2026-09-01T07:56:20","modified_gmt":"2026-09-01T10:56:20","slug":"el-champaqui-elegido-para-representar-a-al-pais-en-una-convocatoria-internacional","status":"publish","type":"post","link":"https:\/\/espacioviajes.com\/?p=16416","title":{"rendered":"El Champaqu\u00ed, elegido para representar al pa\u00eds en una convocatoria internacional"},"content":{"rendered":"<p><em>El cerro m\u00e1s alto de C\u00f3rdoba fue seleccionado en la categor\u00eda Natural, junto al Aconcagua, el Copahue y el Mercedario. La distinci\u00f3n destaca el valor natural y tur\u00edstico del Champaqu\u00ed y proyecta a C\u00f3rdoba como destino de naturaleza y aventura.<\/em><\/p>\n<p class=\"wp-block-paragraph\">El cerro m\u00e1s alto de C\u00f3rdoba fue seleccionado, junto al Aconcagua, el Copahue y el Mercedario en la categor\u00eda Natural, y al Nevado de Famatina en la categor\u00eda Cultural, para representar a la Argentina.<\/p>\n<p class=\"wp-block-paragraph\">El Cerro Champaqu\u00ed, con sus 2.790 metros sobre el nivel del mar, fue seleccionado para representar a la Argentina en la edici\u00f3n 2026 del certamen internacional \u201cMonta\u00f1as de Fama Mundial\u201d, impulsado por la International Mountain Tourism Alliance (IMTA), con sede en China.<\/p>\n<p class=\"wp-block-paragraph\">La convocatoria recibi\u00f3 18 postulaciones de 10 provincias argentinas y seleccion\u00f3 cinco monta\u00f1as para representar al pa\u00eds. Adem\u00e1s del Champaqu\u00ed, fueron elegidos el Aconcagua, de Mendoza; el Copahue, de Neuqu\u00e9n; el Mercedario, de San Juan; y el Nevado de Famatina, de La Rioja, que participa en la categor\u00eda Cultural.<\/p>\n<p class=\"wp-block-paragraph\">La elecci\u00f3n valor\u00f3 diferentes aspectos de cada monta\u00f1a, entre ellos sus recursos naturales, patrimonio, conservaci\u00f3n, infraestructura y servicios tur\u00edsticos, sostenibilidad y el compromiso de las comunidades y las instituciones vinculadas al territorio.<\/p>\n<p><img fetchpriority=\"high\" decoding=\"async\" class=\"alignnone size-medium wp-image-16417\" src=\"https:\/\/espacioviajes.com\/wp-content\/uploads\/2026\/09\/cima-cerro-champaqui-1024x725-1-300x212.jpg\" alt=\"\" width=\"300\" height=\"212\" srcset=\"https:\/\/espacioviajes.com\/wp-content\/uploads\/2026\/09\/cima-cerro-champaqui-1024x725-1-300x212.jpg 300w, https:\/\/espacioviajes.com\/wp-content\/uploads\/2026\/09\/cima-cerro-champaqui-1024x725-1-768x544.jpg 768w, https:\/\/espacioviajes.com\/wp-content\/uploads\/2026\/09\/cima-cerro-champaqui-1024x725-1-560x396.jpg 560w, https:\/\/espacioviajes.com\/wp-content\/uploads\/2026\/09\/cima-cerro-champaqui-1024x725-1.jpg 1024w\" sizes=\"(max-width: 300px) 100vw, 300px\" \/><\/p>\n<p><strong><u>Un \u00edcono de las Sierras Grandes<\/u><\/strong><\/p>\n<figure class=\"wp-block-gallery has-nested-images columns-default is-cropped wp-block-gallery-1 is-layout-flex wp-block-gallery-is-layout-flex\">\n<figure class=\"wp-block-image size-large\"><\/figure>\n<figure class=\"wp-block-image size-large\"><\/figure>\n<\/figure>\n<p class=\"wp-block-paragraph\">Ubicado en el coraz\u00f3n de las Sierras Grandes el Champaqu\u00ed es el punto m\u00e1s alto de C\u00f3rdoba y uno de los grandes emblemas naturales de la provincia.<\/p>\n<p class=\"wp-block-paragraph\">Su entorno combina pastizales de altura, formaciones rocosas, arroyos y una particular biodiversidad serrana. Los distintos recorridos que conducen hasta su cumbre lo convierten, adem\u00e1s, en uno de los principales escenarios cordobeses para el senderismo, el trekking y el monta\u00f1ismo, con prestadores calificados y habilitados por la Provincia que acompa\u00f1an a los visitantes para disfrutar de la experiencia de manera segura y responsable.<\/p>\n<p class=\"wp-block-paragraph\"><strong><em>\u201cLa selecci\u00f3n del Champaqu\u00ed para representar a la Argentina en esta convocatoria internacional es un reconocimiento al valor de nuestras Sierras y al potencial de C\u00f3rdoba como destino de naturaleza y aventura. El Champaqu\u00ed es un s\u00edmbolo de nuestra provincia y una referencia para quienes eligen C\u00f3rdoba para disfrutar de la monta\u00f1a y sus paisajes\u201d,<\/em><\/strong>\u00a0<em>destac\u00f3 Dar\u00edo Capitani, presidente de la Agencia C\u00f3rdoba Turismo.<\/em><\/p>\n<p class=\"wp-block-paragraph\">La participaci\u00f3n en \u201cMonta\u00f1as de Fama Mundial\u201d contribuir\u00e1 a a visibilizar en el mercado \u00a0internacional al Champaqu\u00edy, con \u00e9l, a C\u00f3rdoba como destino de aventura, destacando la riqueza de sus paisajes y el desarrollo de experiencias tur\u00edsticas vinculadas al territorio y a su conservaci\u00f3n.<\/p>\n<figure class=\"wp-block-gallery has-nested-images columns-default is-cropped wp-block-gallery-2 is-layout-flex wp-block-gallery-is-layout-flex\">\n<figure class=\"wp-block-image size-large\"><\/figure>\n<figure class=\"wp-block-image size-large\"><img decoding=\"async\" class=\"wp-image-65609\" src=\"https:\/\/cordobaturismo.gov.ar\/wp-content\/uploads\/2019\/02\/Champaqui-sin-gente.jpg\" sizes=\"auto, (max-width: 960px) 100vw, 960px\" srcset=\"https:\/\/cordobaturismo.gov.ar\/wp-content\/uploads\/2019\/02\/Champaqui-sin-gente.jpg 960w, https:\/\/cordobaturismo.gov.ar\/wp-content\/uploads\/2019\/02\/Champaqui-sin-gente-300x225.jpg 300w, https:\/\/cordobaturismo.gov.ar\/wp-content\/uploads\/2019\/02\/Champaqui-sin-gente-768x576.jpg 768w\" alt=\"\" width=\"960\" height=\"720\" data-id=\"65609\" \/><\/figure>\n<\/figure>\n","protected":false},"excerpt":{"rendered":"<p>El cerro m\u00e1s alto de C\u00f3rdoba fue seleccionado en la categor\u00eda Natural, junto al Aconcagua, el Copahue y el Mercedario. La distinci\u00f3n destaca el valor natural y tur\u00edstico del Champaqu\u00ed y proyecta a C\u00f3rdoba como destino de naturaleza y aventura. El cerro m\u00e1s alto de C\u00f3rdoba fue seleccionado, junto al Aconcagua, el Copahue y el [&hellip;]<\/p>\n","protected":false},"author":7,"featured_media":16418,"comment_status":"open","ping_status":"closed","sticky":false,"template":"","format":"standard","meta":{"footnotes":""},"categories":[33,3],"tags":[],"class_list":["post-16416","post","type-post","status-publish","format-standard","has-post-thumbnail","hentry","category-cordoba","category-principal"],"_links":{"self":[{"href":"https:\/\/espacioviajes.com\/index.php?rest_route=\/wp\/v2\/posts\/16416","targetHints":{"allow":["GET"]}}],"collection":[{"href":"https:\/\/espacioviajes.com\/index.php?rest_route=\/wp\/v2\/posts"}],"about":[{"href":"https:\/\/espacioviajes.com\/index.php?rest_route=\/wp\/v2\/types\/post"}],"author":[{"embeddable":true,"href":"https:\/\/espacioviajes.com\/index.php?rest_route=\/wp\/v2\/users\/7"}],"replies":[{"embeddable":true,"href":"https:\/\/espacioviajes.com\/index.php?rest_route=%2Fwp%2Fv2%2Fcomments&post=16416"}],"version-history":[{"count":4,"href":"https:\/\/espacioviajes.com\/index.php?rest_route=\/wp\/v2\/posts\/16416\/revisions"}],"predecessor-version":[{"id":16422,"href":"https:\/\/espacioviajes.com\/index.php?rest_route=\/wp\/v2\/posts\/16416\/revisions\/16422"}],"wp:featuredmedia":[{"embeddable":true,"href":"https:\/\/espacioviajes.com\/index.php?rest_route=\/wp\/v2\/media\/16418"}],"wp:attachment":[{"href":"https:\/\/espacioviajes.com\/index.php?rest_route=%2Fwp%2Fv2%2Fmedia&parent=16416"}],"wp:term":[{"taxonomy":"category","embeddable":true,"href":"https:\/\/espacioviajes.com\/index.php?rest_route=%2Fwp%2Fv2%2Fcategories&post=16416"},{"taxonomy":"post_tag","embeddable":true,"href":"https:\/\/espacioviajes.com\/index.php?rest_route=%2Fwp%2Fv2%2Ftags&post=16416"}],"curies":[{"name":"wp","href":"https:\/\/api.w.org\/{rel}","templated":true}]}}