{"id":16435,"date":"2026-09-03T07:52:21","date_gmt":"2026-09-03T10:52:21","guid":{"rendered":"https:\/\/espacioviajes.com\/?p=16435"},"modified":"2026-09-03T07:53:53","modified_gmt":"2026-09-03T10:53:53","slug":"misiones-el-parque-de-las-naciones-abre-sus-puertas-para-la-46-fiesta-nacional-del-inmigrante","status":"publish","type":"post","link":"https:\/\/espacioviajes.com\/?p=16435","title":{"rendered":"Misiones: El Parque de las Naciones abre sus puertas para la 46\u00b0 Fiesta Nacional del Inmigrante"},"content":{"rendered":"<p><em>Este jueves 3 de septiembre dar\u00e1 inicio la 46\u00b0 Fiesta Nacional del Inmigrante, la celebraci\u00f3n socio-cultural m\u00e1s importante de Misiones, que durante once jornadas tendr\u00e1 como protagonistas a las colectividades, para que vecinos y visitantes puedan disfrutar en el Parque de las Naciones.La jornada inaugural de este jueves 3, en tanto, ser\u00e1 con entrada libre y gratuita.<\/em><\/p>\n<p>El tradicional Desfile de las Colectividades ser\u00e1 el punto de partida de esta nueva edici\u00f3n. La concentraci\u00f3n est\u00e1 prevista para las 14 horas en el Centro C\u00edvico General Manuel Belgrano, mientras que a las 14.30 comenzar\u00e1 el recorrido hacia el Parque de las Naciones.<br \/>\nLas delegaciones de las distintas colectividades recorrer\u00e1n las calles de la ciudad hasta llegar al predio, en una de las postales m\u00e1s representativas de la Fiesta y una expresi\u00f3n de la diversidad cultural que caracteriza a Ober\u00e1, capital nacional del Inmigrante.<\/p>\n<p>A las 18 horas, representantes de las Colectividades y p\u00fablico en general se dar\u00e1n cita en el acceso al Parque de las Naciones por calle Ucrania. All\u00ed tendr\u00e1 lugar el encendido de la Llama Votiva, a cargo de la Subcomisi\u00f3n Juvenil de Colectividades, seguido del tradicional corte de cintas en el ingreso principal y el acto inaugural de la 46\u00b0 Fiesta Nacional del Inmigrante que se llevar\u00e1 a cabo en el escenario mayor del Anfiteatro Norguss Jacob.<\/p>\n<p><img fetchpriority=\"high\" decoding=\"async\" class=\"alignnone size-medium wp-image-16440\" src=\"https:\/\/espacioviajes.com\/wp-content\/uploads\/2026\/09\/parque-4-300x199.jpg\" alt=\"\" width=\"300\" height=\"199\" srcset=\"https:\/\/espacioviajes.com\/wp-content\/uploads\/2026\/09\/parque-4-300x199.jpg 300w, https:\/\/espacioviajes.com\/wp-content\/uploads\/2026\/09\/parque-4-1024x678.jpg 1024w, https:\/\/espacioviajes.com\/wp-content\/uploads\/2026\/09\/parque-4-768x509.jpg 768w, https:\/\/espacioviajes.com\/wp-content\/uploads\/2026\/09\/parque-4-1536x1017.jpg 1536w, https:\/\/espacioviajes.com\/wp-content\/uploads\/2026\/09\/parque-4-2048x1357.jpg 2048w, https:\/\/espacioviajes.com\/wp-content\/uploads\/2026\/09\/parque-4-560x371.jpg 560w\" sizes=\"(max-width: 300px) 100vw, 300px\" \/><\/p>\n<p>El inicio de esta nueva edici\u00f3n es el resultado de un trabajo que la Federaci\u00f3n de Colectividades sostiene durante todo el a\u00f1o y que trasciende los once d\u00edas de celebraci\u00f3n. La presidente de la entidad, Marta Wieremiey, destac\u00f3 durante el lanzamiento oficial, el compromiso permanente de la instituci\u00f3n y de quienes integran las distintas colectividades. \u201cDel 3 al 13 de septiembre el Parque de las Naciones volver\u00e1 a abrir sus puertas para recibir a vecinos, familias y visitantes de distintos lugares, invit\u00e1ndolos a descubrir la cultura, las tradiciones y la diversidad de nuestras colectividades\u201d, expres\u00f3 en aquella oportunidad.<\/p>\n<p>Wieremiey tambi\u00e9n puso en valor las inversiones que la Federaci\u00f3n contin\u00faa realizando en el predio. En ese marco, durante esta edici\u00f3n se inaugurar\u00e1 la primera etapa de un nuevo sal\u00f3n cubierto de 1.200 metros cuadrados, construido \u00edntegramente con fondos propios de la instituci\u00f3n. \u201cEsta obra es una muestra concreta de c\u00f3mo trabajamos. La Federaci\u00f3n no solamente organiza la Fiesta, sino que sostiene y acompa\u00f1a durante todo el a\u00f1o al Parque de las Naciones a trav\u00e9s de las distintas actividades que desarrollamos\u201d, se\u00f1al\u00f3.<br \/>\nLa 46\u00b0 edici\u00f3n volver\u00e1 a mostrar la magnitud de una celebraci\u00f3n que convoca a m\u00e1s de 4.500 bailarines, delegaciones invitadas de distintos puntos del pa\u00eds y del exterior, y el trabajo de m\u00e1s de 3.000 voluntarios de las colectividades, la Federaci\u00f3n y el Pabell\u00f3n Argentino.<\/p>\n<p><img decoding=\"async\" class=\"alignnone size-medium wp-image-16437\" src=\"https:\/\/espacioviajes.com\/wp-content\/uploads\/2026\/09\/parque-de-las-naciones-2-300x199.jpg\" alt=\"\" width=\"300\" height=\"199\" srcset=\"https:\/\/espacioviajes.com\/wp-content\/uploads\/2026\/09\/parque-de-las-naciones-2-300x199.jpg 300w, https:\/\/espacioviajes.com\/wp-content\/uploads\/2026\/09\/parque-de-las-naciones-2-1024x678.jpg 1024w, https:\/\/espacioviajes.com\/wp-content\/uploads\/2026\/09\/parque-de-las-naciones-2-768x509.jpg 768w, https:\/\/espacioviajes.com\/wp-content\/uploads\/2026\/09\/parque-de-las-naciones-2-1536x1017.jpg 1536w, https:\/\/espacioviajes.com\/wp-content\/uploads\/2026\/09\/parque-de-las-naciones-2-2048x1357.jpg 2048w, https:\/\/espacioviajes.com\/wp-content\/uploads\/2026\/09\/parque-de-las-naciones-2-560x371.jpg 560w\" sizes=\"(max-width: 300px) 100vw, 300px\" \/><\/p>\n<p>Durante las once jornadas, vecinos y visitantes podr\u00e1n recorrer las casas t\u00edpicas, disfrutar de la gastronom\u00eda de las colectividades, la Feria del Inmigrante, la Feria Comercial y Empresarial, la Feria Provincial de Artesan\u00edas y una amplia programaci\u00f3n de espect\u00e1culos culturales y musicales.<\/p>\n<p><strong>Artistas invitados<\/strong><\/p>\n<p>La cartelera art\u00edstica incluye propuestas para distintos p\u00fablicos y tem\u00e1ticas de la Fiesta, con la presencia de artistas como Jairo, Turf, Los Continuados y la banda brasile\u00f1a Corpo e Alma, adem\u00e1s de Haus junto a DJ Treekoo, Cande Gariso, Augus Maders, Raihani de Freitas, Marco Escalada, Cristian y La Ruta, Pilar Paredes, Sonido Ancestral, La Corte del Se\u00f1or Manga, Soul Under, Monje Alegre Quinteto, Banda Mix, Meraki, Sabandijas y Matu, entre otros. En tanto que uno de los\u00a0momentos centrales ser\u00e1 la Noche de las Colectividades, el mi\u00e9rcoles 9, con la presentaci\u00f3n de los representantes culturales y la elecci\u00f3n de la Reina Nacional del Inmigrante.<\/p>\n<p><img decoding=\"async\" class=\"alignnone size-medium wp-image-16438\" src=\"https:\/\/espacioviajes.com\/wp-content\/uploads\/2026\/09\/parque-de-las-naciones-3-300x199.jpg\" alt=\"\" width=\"300\" height=\"199\" srcset=\"https:\/\/espacioviajes.com\/wp-content\/uploads\/2026\/09\/parque-de-las-naciones-3-300x199.jpg 300w, https:\/\/espacioviajes.com\/wp-content\/uploads\/2026\/09\/parque-de-las-naciones-3-1024x678.jpg 1024w, https:\/\/espacioviajes.com\/wp-content\/uploads\/2026\/09\/parque-de-las-naciones-3-768x509.jpg 768w, https:\/\/espacioviajes.com\/wp-content\/uploads\/2026\/09\/parque-de-las-naciones-3-1536x1017.jpg 1536w, https:\/\/espacioviajes.com\/wp-content\/uploads\/2026\/09\/parque-de-las-naciones-3-2048x1357.jpg 2048w, https:\/\/espacioviajes.com\/wp-content\/uploads\/2026\/09\/parque-de-las-naciones-3-560x371.jpg 560w\" sizes=\"(max-width: 300px) 100vw, 300px\" \/><\/p>\n<p>Desde la Federaci\u00f3n tambi\u00e9n remarcaron el objetivo de sostener una Fiesta accesible para la comunidad. \u201cQueremos que la Fiesta siga siendo cada vez m\u00e1s grande, pero tambi\u00e9n que contin\u00fae siendo una fiesta de todos\u201d, expres\u00f3 Wieremiey durante el lanzamiento. En ese sentido, remarcaron que la novedad de este a\u00f1o ser\u00e1 que los vecinos de Ober\u00e1 contar\u00e1n con un 50% de descuento en las entradas de los d\u00edas lunes 7 y martes 8 de septiembre, comprando sus entradas de forma anticipada y presentando el DNI.<br \/>\nCon el desfile como punto de partida, la ciudad volver\u00e1 a encontrarse con una de sus celebraciones m\u00e1s emblem\u00e1ticas. Desde este jueves, el Parque de las Naciones abrir\u00e1 nuevamente sus puertas para celebrar las ra\u00edces, las tradiciones y la diversidad cultural que, desde hace 46 a\u00f1os, convierten a la Fiesta Nacional del Inmigrante en uno de los grandes acontecimientos culturales y tur\u00edsticos de Misiones y del pa\u00eds.<\/p>\n","protected":false},"excerpt":{"rendered":"<p>Este jueves 3 de septiembre dar\u00e1 inicio la 46\u00b0 Fiesta Nacional del Inmigrante, la celebraci\u00f3n socio-cultural m\u00e1s importante de Misiones, que durante once jornadas tendr\u00e1 como protagonistas a las colectividades, para que vecinos y visitantes puedan disfrutar en el Parque de las Naciones.La jornada inaugural de este jueves 3, en tanto, ser\u00e1 con entrada libre [&hellip;]<\/p>\n","protected":false},"author":7,"featured_media":16436,"comment_status":"open","ping_status":"closed","sticky":false,"template":"","format":"standard","meta":{"footnotes":""},"categories":[18,5],"tags":[],"class_list":["post-16435","post","type-post","status-publish","format-standard","has-post-thumbnail","hentry","category-argentina","category-principal2"],"_links":{"self":[{"href":"https:\/\/espacioviajes.com\/index.php?rest_route=\/wp\/v2\/posts\/16435","targetHints":{"allow":["GET"]}}],"collection":[{"href":"https:\/\/espacioviajes.com\/index.php?rest_route=\/wp\/v2\/posts"}],"about":[{"href":"https:\/\/espacioviajes.com\/index.php?rest_route=\/wp\/v2\/types\/post"}],"author":[{"embeddable":true,"href":"https:\/\/espacioviajes.com\/index.php?rest_route=\/wp\/v2\/users\/7"}],"replies":[{"embeddable":true,"href":"https:\/\/espacioviajes.com\/index.php?rest_route=%2Fwp%2Fv2%2Fcomments&post=16435"}],"version-history":[{"count":2,"href":"https:\/\/espacioviajes.com\/index.php?rest_route=\/wp\/v2\/posts\/16435\/revisions"}],"predecessor-version":[{"id":16442,"href":"https:\/\/espacioviajes.com\/index.php?rest_route=\/wp\/v2\/posts\/16435\/revisions\/16442"}],"wp:featuredmedia":[{"embeddable":true,"href":"https:\/\/espacioviajes.com\/index.php?rest_route=\/wp\/v2\/media\/16436"}],"wp:attachment":[{"href":"https:\/\/espacioviajes.com\/index.php?rest_route=%2Fwp%2Fv2%2Fmedia&parent=16435"}],"wp:term":[{"taxonomy":"category","embeddable":true,"href":"https:\/\/espacioviajes.com\/index.php?rest_route=%2Fwp%2Fv2%2Fcategories&post=16435"},{"taxonomy":"post_tag","embeddable":true,"href":"https:\/\/espacioviajes.com\/index.php?rest_route=%2Fwp%2Fv2%2Ftags&post=16435"}],"curies":[{"name":"wp","href":"https:\/\/api.w.org\/{rel}","templated":true}]}}