{"id":16453,"date":"2026-09-04T11:44:20","date_gmt":"2026-09-04T14:44:20","guid":{"rendered":"https:\/\/espacioviajes.com\/?p=16453"},"modified":"2026-09-04T13:23:36","modified_gmt":"2026-09-04T16:23:36","slug":"el-nevado-de-famatina-en-competencia-internacional","status":"publish","type":"post","link":"https:\/\/espacioviajes.com\/?p=16453","title":{"rendered":"El Nevado de Famatina en Competencia Internacional"},"content":{"rendered":"<p><em>La Rioja contin\u00faa posicionando sus destinos y atractivos en escenarios nacionales e internacionales. En esta oportunidad, el emblem\u00e1tico Nevado de Famatina fue seleccionado como candidato argentino en el Certamen Internacional \u201cMonta\u00f1a Tur\u00edstica de Fama Mundial 2026\u201d, impulsado por la International Mountain Tourism Alliance (IMTA), en la categor\u00eda Cultural.<\/em><\/p>\n<p>De esta manera, la provincia suma un nuevo escenario para proyectar al mundo uno de sus grandes s\u00edmbolos. El Nevado de Famatina fue elegido entre 18 postulaciones provenientes de 10 provincias argentinas y forma parte de las cinco monta\u00f1as seleccionadas para representar al pa\u00eds: Champaqu\u00ed (C\u00f3rdoba), Aconcagua (Mendoza), Copahue (Neuqu\u00e9n) y Mercedario (San Juan), en la categor\u00eda Natural, y el Nevado de Famatina, \u00fanico representante argentino en la categor\u00eda Cultural.<\/p>\n<p>La selecci\u00f3n internacional contempl\u00f3 diferentes aspectos vinculados al valor de cada monta\u00f1a, entre ellos su importancia natural y cultural, conservaci\u00f3n, desarrollo tur\u00edstico, gesti\u00f3n, sostenibilidad, infraestructura y respaldo institucional, de acuerdo con los criterios establecidos por la organizaci\u00f3n.<\/p>\n<p><img fetchpriority=\"high\" decoding=\"async\" class=\"alignnone size-medium wp-image-16456\" src=\"https:\/\/espacioviajes.com\/wp-content\/uploads\/2026\/09\/WhatsApp-Image-2026-09-04-at-11.40.17-1-300x184.jpeg\" alt=\"\" width=\"300\" height=\"184\" srcset=\"https:\/\/espacioviajes.com\/wp-content\/uploads\/2026\/09\/WhatsApp-Image-2026-09-04-at-11.40.17-1-300x184.jpeg 300w, https:\/\/espacioviajes.com\/wp-content\/uploads\/2026\/09\/WhatsApp-Image-2026-09-04-at-11.40.17-1-768x470.jpeg 768w, https:\/\/espacioviajes.com\/wp-content\/uploads\/2026\/09\/WhatsApp-Image-2026-09-04-at-11.40.17-1-560x343.jpeg 560w, https:\/\/espacioviajes.com\/wp-content\/uploads\/2026\/09\/WhatsApp-Image-2026-09-04-at-11.40.17-1.jpeg 900w\" sizes=\"(max-width: 300px) 100vw, 300px\" \/><\/p>\n<p>La postulaci\u00f3n fue impulsada por la Secretar\u00eda de Turismo de La Rioja, a trav\u00e9s de la Direcci\u00f3n de Desarrollo y Productos Tur\u00edsticos, que llev\u00f3 adelante el proceso de identificaci\u00f3n, preparaci\u00f3n y presentaci\u00f3n de la propuesta. La iniciativa cont\u00f3 adem\u00e1s con el aval de los departamentos Famatina, Chilecito, General Felipe Varela, General Lamadrid y Vinchina.<\/p>\n<p>La participaci\u00f3n del Nevado de Famatina en esta competencia internacional representa una nueva oportunidad para visibilizar el patrimonio, los paisajes y la identidad de La Rioja, y proyectar uno de sus principales atractivos en escenarios de alcance mundial.<\/p>\n<p><img decoding=\"async\" class=\"alignnone size-medium wp-image-16454\" src=\"https:\/\/espacioviajes.com\/wp-content\/uploads\/2026\/09\/WhatsApp-Image-2026-09-04-at-11.18.45-236x300.jpeg\" alt=\"\" width=\"236\" height=\"300\" srcset=\"https:\/\/espacioviajes.com\/wp-content\/uploads\/2026\/09\/WhatsApp-Image-2026-09-04-at-11.18.45-236x300.jpeg 236w, https:\/\/espacioviajes.com\/wp-content\/uploads\/2026\/09\/WhatsApp-Image-2026-09-04-at-11.18.45-806x1024.jpeg 806w, https:\/\/espacioviajes.com\/wp-content\/uploads\/2026\/09\/WhatsApp-Image-2026-09-04-at-11.18.45-768x976.jpeg 768w, https:\/\/espacioviajes.com\/wp-content\/uploads\/2026\/09\/WhatsApp-Image-2026-09-04-at-11.18.45-560x711.jpeg 560w, https:\/\/espacioviajes.com\/wp-content\/uploads\/2026\/09\/WhatsApp-Image-2026-09-04-at-11.18.45.jpeg 1157w\" sizes=\"(max-width: 236px) 100vw, 236px\" \/><\/p>\n<p><strong>Nevado de Famatina: naturaleza, historia e identidad<\/strong><\/p>\n<p>Con 6.250 metros sobre el nivel del mar, el Nevado de Famatina es una de las cumbres m\u00e1s altas de La Rioja y uno de los grandes emblemas geogr\u00e1ficos de la provincia. Sus paisajes de alta monta\u00f1a, sus cumbres nevadas y su riqueza natural se combinan con una profunda historia vinculada al territorio y a sus comunidades.<\/p>\n<p>Conocida hist\u00f3ricamente como la \u201cMadre de los Metales\u201d, la regi\u00f3n mantiene una estrecha relaci\u00f3n con la riqueza mineral de sus monta\u00f1as y con el desarrollo de la actividad minera a lo largo del tiempo.<\/p>\n<p>Su valor trasciende lo natural. En el \u00e1rea se encuentran huellas vinculadas al antiguo Qhapaq \u00d1an \u2013 Camino del Inca, reconocido como Patrimonio Mundial por la UNESCO, adem\u00e1s de sitios relacionados con la historia minera, como la Mina La Mejicana y el emblem\u00e1tico Cablecarril Chilecito\u2013La Mejicana, y espacios de valor arqueol\u00f3gico como Rinc\u00f3n del Toro.<\/p>\n<p>Naturaleza, patrimonio, historia e identidad confluyen as\u00ed en el Nevado de Famatina, una monta\u00f1a que hoy suma una nueva oportunidad para llevar el nombre de La Rioja a un escenario internaciona<\/p>\n","protected":false},"excerpt":{"rendered":"<p>La Rioja contin\u00faa posicionando sus destinos y atractivos en escenarios nacionales e internacionales. En esta oportunidad, el emblem\u00e1tico Nevado de Famatina fue seleccionado como candidato argentino en el Certamen Internacional \u201cMonta\u00f1a Tur\u00edstica de Fama Mundial 2026\u201d, impulsado por la International Mountain Tourism Alliance (IMTA), en la categor\u00eda Cultural. De esta manera, la provincia suma un [&hellip;]<\/p>\n","protected":false},"author":7,"featured_media":16456,"comment_status":"open","ping_status":"closed","sticky":false,"template":"","format":"standard","meta":{"footnotes":""},"categories":[3],"tags":[],"class_list":["post-16453","post","type-post","status-publish","format-standard","has-post-thumbnail","hentry","category-principal"],"_links":{"self":[{"href":"https:\/\/espacioviajes.com\/index.php?rest_route=\/wp\/v2\/posts\/16453","targetHints":{"allow":["GET"]}}],"collection":[{"href":"https:\/\/espacioviajes.com\/index.php?rest_route=\/wp\/v2\/posts"}],"about":[{"href":"https:\/\/espacioviajes.com\/index.php?rest_route=\/wp\/v2\/types\/post"}],"author":[{"embeddable":true,"href":"https:\/\/espacioviajes.com\/index.php?rest_route=\/wp\/v2\/users\/7"}],"replies":[{"embeddable":true,"href":"https:\/\/espacioviajes.com\/index.php?rest_route=%2Fwp%2Fv2%2Fcomments&post=16453"}],"version-history":[{"count":1,"href":"https:\/\/espacioviajes.com\/index.php?rest_route=\/wp\/v2\/posts\/16453\/revisions"}],"predecessor-version":[{"id":16457,"href":"https:\/\/espacioviajes.com\/index.php?rest_route=\/wp\/v2\/posts\/16453\/revisions\/16457"}],"wp:featuredmedia":[{"embeddable":true,"href":"https:\/\/espacioviajes.com\/index.php?rest_route=\/wp\/v2\/media\/16456"}],"wp:attachment":[{"href":"https:\/\/espacioviajes.com\/index.php?rest_route=%2Fwp%2Fv2%2Fmedia&parent=16453"}],"wp:term":[{"taxonomy":"category","embeddable":true,"href":"https:\/\/espacioviajes.com\/index.php?rest_route=%2Fwp%2Fv2%2Fcategories&post=16453"},{"taxonomy":"post_tag","embeddable":true,"href":"https:\/\/espacioviajes.com\/index.php?rest_route=%2Fwp%2Fv2%2Ftags&post=16453"}],"curies":[{"name":"wp","href":"https:\/\/api.w.org\/{rel}","templated":true}]}}